{"id":409,"date":"2016-06-02T00:00:13","date_gmt":"2016-06-01T23:00:13","guid":{"rendered":"https:\/\/mateliertraforetti.com\/?p=409"},"modified":"2023-03-30T15:48:20","modified_gmt":"2023-03-30T14:48:20","slug":"angela-giovanni-2-giugno-2016","status":"publish","type":"post","link":"https:\/\/mateliertraforetti.com\/index.php\/2016\/06\/02\/angela-giovanni-2-giugno-2016\/","title":{"rendered":"Angela + Giovanni &#8211; 2 Giugno 2016"},"content":{"rendered":"<div class=\"fusion-fullwidth fullwidth-box fusion-builder-row-1 fusion-flex-container nonhundred-percent-fullwidth non-hundred-percent-height-scrolling\" style=\"--awb-border-radius-top-left:0px;--awb-border-radius-top-right:0px;--awb-border-radius-bottom-right:0px;--awb-border-radius-bottom-left:0px;--awb-background-image:linear-gradient(180deg, rgba(255,255,255,0.58) 0%,rgba(255,255,255,0) 100%);--awb-flex-wrap:wrap;\" ><div class=\"fusion-builder-row fusion-row fusion-flex-align-items-flex-start fusion-flex-justify-content-center fusion-flex-content-wrap\" style=\"max-width:1248px;margin-left: calc(-4% \/ 2 );margin-right: calc(-4% \/ 2 );\"><div class=\"fusion-layout-column fusion_builder_column fusion-builder-column-0 fusion_builder_column_3_5 3_5 fusion-flex-column\" style=\"--awb-bg-blend:overlay;--awb-bg-size:cover;--awb-width-large:60%;--awb-margin-top-large:0px;--awb-spacing-right-large:3.2%;--awb-margin-bottom-large:0px;--awb-spacing-left-large:3.2%;--awb-width-medium:60%;--awb-spacing-right-medium:3.2%;--awb-spacing-left-medium:3.2%;--awb-width-small:100%;--awb-spacing-right-small:1.92%;--awb-spacing-left-small:1.92%;\"><div class=\"fusion-column-wrapper fusion-flex-justify-content-center fusion-content-layout-row\"><div class=\"fusion-text fusion-text-1\"><h3 style=\"text-align: center;\">Angela + Giovanni &#8211; 2 Giugno 2016<\/h3>\n<p style=\"text-align: center;\"><img decoding=\"async\" class=\"lazyload alignnone size-full wp-image-412\" src=\"https:\/\/mateliertraforetti.com\/wp-content\/uploads\/2023\/03\/IMG-20160929-WA0003.jpg\" data-orig-src=\"https:\/\/mateliertraforetti.com\/wp-content\/uploads\/2023\/03\/IMG-20160929-WA0003.jpg\" alt=\"\" width=\"956\" height=\"1432\" srcset=\"data:image\/svg+xml,%3Csvg%20xmlns%3D%27http%3A%2F%2Fwww.w3.org%2F2000%2Fsvg%27%20width%3D%27956%27%20height%3D%271432%27%20viewBox%3D%270%200%20956%201432%27%3E%3Crect%20width%3D%27956%27%20height%3D%271432%27%20fill-opacity%3D%220%22%2F%3E%3C%2Fsvg%3E\" data-srcset=\"https:\/\/mateliertraforetti.com\/wp-content\/uploads\/2023\/03\/IMG-20160929-WA0003-200x300.jpg 200w, https:\/\/mateliertraforetti.com\/wp-content\/uploads\/2023\/03\/IMG-20160929-WA0003-400x599.jpg 400w, https:\/\/mateliertraforetti.com\/wp-content\/uploads\/2023\/03\/IMG-20160929-WA0003-600x899.jpg 600w, https:\/\/mateliertraforetti.com\/wp-content\/uploads\/2023\/03\/IMG-20160929-WA0003-684x1024.jpg 684w, https:\/\/mateliertraforetti.com\/wp-content\/uploads\/2023\/03\/IMG-20160929-WA0003-768x1150.jpg 768w, https:\/\/mateliertraforetti.com\/wp-content\/uploads\/2023\/03\/IMG-20160929-WA0003-800x1198.jpg 800w, https:\/\/mateliertraforetti.com\/wp-content\/uploads\/2023\/03\/IMG-20160929-WA0003.jpg 956w\" data-sizes=\"auto\" data-orig-sizes=\"(max-width: 956px) 100vw, 956px\" \/><\/p>\n<p style=\"font-weight: 400; text-align: center;\">Un sorriso.. un brivido, il tulle che mi accarezza la pelle per la prima volta e ho realizzato che era tutto vero&#8230; quello era il mio vestito da sposa! Un sogno meraviglioso che stava diventando realt\u00e0, il tutto condito da un luogo caldo e accogliente, da un sarto dalle mani magiche che ha saputo capire ogni mio desiderio e accogliere ogni mia emozione.<\/p>\n<p style=\"text-align: center;\"><img decoding=\"async\" class=\"lazyload alignnone size-full wp-image-410\" src=\"https:\/\/mateliertraforetti.com\/wp-content\/uploads\/2023\/03\/IMG-20160929-WA0005.jpg\" data-orig-src=\"https:\/\/mateliertraforetti.com\/wp-content\/uploads\/2023\/03\/IMG-20160929-WA0005.jpg\" alt=\"\" width=\"1004\" height=\"1504\" srcset=\"data:image\/svg+xml,%3Csvg%20xmlns%3D%27http%3A%2F%2Fwww.w3.org%2F2000%2Fsvg%27%20width%3D%271004%27%20height%3D%271504%27%20viewBox%3D%270%200%201004%201504%27%3E%3Crect%20width%3D%271004%27%20height%3D%271504%27%20fill-opacity%3D%220%22%2F%3E%3C%2Fsvg%3E\" data-srcset=\"https:\/\/mateliertraforetti.com\/wp-content\/uploads\/2023\/03\/IMG-20160929-WA0005-200x300.jpg 200w, https:\/\/mateliertraforetti.com\/wp-content\/uploads\/2023\/03\/IMG-20160929-WA0005-400x599.jpg 400w, https:\/\/mateliertraforetti.com\/wp-content\/uploads\/2023\/03\/IMG-20160929-WA0005-600x899.jpg 600w, https:\/\/mateliertraforetti.com\/wp-content\/uploads\/2023\/03\/IMG-20160929-WA0005-684x1024.jpg 684w, https:\/\/mateliertraforetti.com\/wp-content\/uploads\/2023\/03\/IMG-20160929-WA0005-768x1150.jpg 768w, https:\/\/mateliertraforetti.com\/wp-content\/uploads\/2023\/03\/IMG-20160929-WA0005-800x1198.jpg 800w, https:\/\/mateliertraforetti.com\/wp-content\/uploads\/2023\/03\/IMG-20160929-WA0005.jpg 1004w\" data-sizes=\"auto\" data-orig-sizes=\"(max-width: 1004px) 100vw, 1004px\" \/><\/p>\n<p style=\"font-weight: 400; text-align: center;\">L&#8217;emozione che si prova il giorno in cui si va a scegliere il proprio abito \u00e8 indescrivibile. Io avevo varie idee in testa e riunirle tutte insieme per provare a spiegare per la prima volta come realmente volevo l&#8217;abito dei miei sogni non la vedevo una cosa semplice&#8230; Ma Mattia ha avuto la pazienza, la professionalit\u00e0 di saper riordinare ogni mio pensiero e senza che\u00a0 nemmeno me ne\u00a0 accorgessi aveva gi\u00e0 capito! E poi ho capito anch&#8217;io! E\u2019 stato il primo abito in assoluto che ho provato quello di cui mi sono innamorata, quello che mi ha fatto piangere di gioia e ha fatto commuovere chi mi accompagnava&#8230; Mattia ha fatto centro! I suoi vestiti mi hanno travolta e conquistata.<br \/>\nMi sono sempre sentita a mio agio, libera di poter esprimere la mia esuberante personalit\u00e0, senza mai aver il timore di sentirmi non adeguata.. e questa non \u00e8 una cosa da poco. Ogni sposa \u00e8 unica, ogni abito \u00e8 unico, ogni vestito non \u00e8 uguale all&#8217;altro perch\u00e9 diventa parte della persona che lo indossa.<\/p>\n<p>&nbsp;<\/p>\n<p style=\"text-align: center;\"><img decoding=\"async\" class=\"lazyload alignnone size-full wp-image-411\" src=\"https:\/\/mateliertraforetti.com\/wp-content\/uploads\/2023\/03\/IMG-20160929-WA0002.jpg\" data-orig-src=\"https:\/\/mateliertraforetti.com\/wp-content\/uploads\/2023\/03\/IMG-20160929-WA0002.jpg\" alt=\"\" width=\"977\" height=\"1463\" srcset=\"data:image\/svg+xml,%3Csvg%20xmlns%3D%27http%3A%2F%2Fwww.w3.org%2F2000%2Fsvg%27%20width%3D%27977%27%20height%3D%271463%27%20viewBox%3D%270%200%20977%201463%27%3E%3Crect%20width%3D%27977%27%20height%3D%271463%27%20fill-opacity%3D%220%22%2F%3E%3C%2Fsvg%3E\" data-srcset=\"https:\/\/mateliertraforetti.com\/wp-content\/uploads\/2023\/03\/IMG-20160929-WA0002-200x299.jpg 200w, https:\/\/mateliertraforetti.com\/wp-content\/uploads\/2023\/03\/IMG-20160929-WA0002-400x599.jpg 400w, https:\/\/mateliertraforetti.com\/wp-content\/uploads\/2023\/03\/IMG-20160929-WA0002-600x898.jpg 600w, https:\/\/mateliertraforetti.com\/wp-content\/uploads\/2023\/03\/IMG-20160929-WA0002-684x1024.jpg 684w, https:\/\/mateliertraforetti.com\/wp-content\/uploads\/2023\/03\/IMG-20160929-WA0002-768x1150.jpg 768w, https:\/\/mateliertraforetti.com\/wp-content\/uploads\/2023\/03\/IMG-20160929-WA0002-800x1198.jpg 800w, https:\/\/mateliertraforetti.com\/wp-content\/uploads\/2023\/03\/IMG-20160929-WA0002.jpg 977w\" data-sizes=\"auto\" data-orig-sizes=\"(max-width: 977px) 100vw, 977px\" \/><\/p>\n<p style=\"text-align: center;\">Devi starci bene &#8220;dentro&#8221;, devi sentirlo tuo, sentirti libera di poterti muovere, libera di non avere pensieri&#8230; libera di essere una meravigliosa principessa&#8230; unica con un vestito unico che parla di te, di ci\u00f2 che sei, che ti rappresenta. Pu\u00f2 sembrare tutto all&#8217;apparenza banale ma in realt\u00e0 non lo \u00e8&#8230; e Mattia ha saputo valorizzare tutto questo.<br \/>\nGrazie di cuore per avermi capita e avermi aiutata a realizzare un sogno. Quando\u00a0 guardo il mio vestito ancora mi emoziono.<\/p>\n<\/div><\/div><\/div><\/div><\/div>\n","protected":false},"excerpt":{"rendered":"","protected":false},"author":1,"featured_media":413,"comment_status":"closed","ping_status":"closed","sticky":false,"template":"","format":"standard","meta":{"footnotes":""},"categories":[19,20],"tags":[],"class_list":["post-409","post","type-post","status-publish","format-standard","has-post-thumbnail","hentry","category-19","category-le-mie-spose"],"_links":{"self":[{"href":"https:\/\/mateliertraforetti.com\/index.php\/wp-json\/wp\/v2\/posts\/409","targetHints":{"allow":["GET"]}}],"collection":[{"href":"https:\/\/mateliertraforetti.com\/index.php\/wp-json\/wp\/v2\/posts"}],"about":[{"href":"https:\/\/mateliertraforetti.com\/index.php\/wp-json\/wp\/v2\/types\/post"}],"author":[{"embeddable":true,"href":"https:\/\/mateliertraforetti.com\/index.php\/wp-json\/wp\/v2\/users\/1"}],"replies":[{"embeddable":true,"href":"https:\/\/mateliertraforetti.com\/index.php\/wp-json\/wp\/v2\/comments?post=409"}],"version-history":[{"count":2,"href":"https:\/\/mateliertraforetti.com\/index.php\/wp-json\/wp\/v2\/posts\/409\/revisions"}],"predecessor-version":[{"id":415,"href":"https:\/\/mateliertraforetti.com\/index.php\/wp-json\/wp\/v2\/posts\/409\/revisions\/415"}],"wp:featuredmedia":[{"embeddable":true,"href":"https:\/\/mateliertraforetti.com\/index.php\/wp-json\/wp\/v2\/media\/413"}],"wp:attachment":[{"href":"https:\/\/mateliertraforetti.com\/index.php\/wp-json\/wp\/v2\/media?parent=409"}],"wp:term":[{"taxonomy":"category","embeddable":true,"href":"https:\/\/mateliertraforetti.com\/index.php\/wp-json\/wp\/v2\/categories?post=409"},{"taxonomy":"post_tag","embeddable":true,"href":"https:\/\/mateliertraforetti.com\/index.php\/wp-json\/wp\/v2\/tags?post=409"}],"curies":[{"name":"wp","href":"https:\/\/api.w.org\/{rel}","templated":true}]}}