{"id":454,"date":"2016-06-03T00:00:26","date_gmt":"2016-06-02T23:00:26","guid":{"rendered":"https:\/\/mateliertraforetti.com\/?p=454"},"modified":"2023-03-30T16:41:14","modified_gmt":"2023-03-30T15:41:14","slug":"maria-alessandro-3-giugno-2016","status":"publish","type":"post","link":"https:\/\/mateliertraforetti.com\/index.php\/2016\/06\/03\/maria-alessandro-3-giugno-2016\/","title":{"rendered":"Maria + Alessandro &#8211; 3 giugno 2016"},"content":{"rendered":"<div class=\"fusion-fullwidth fullwidth-box fusion-builder-row-1 fusion-flex-container nonhundred-percent-fullwidth non-hundred-percent-height-scrolling\" style=\"--awb-border-radius-top-left:0px;--awb-border-radius-top-right:0px;--awb-border-radius-bottom-right:0px;--awb-border-radius-bottom-left:0px;--awb-background-image:linear-gradient(180deg, rgba(255,255,255,0.58) 0%,rgba(255,255,255,0) 100%);--awb-flex-wrap:wrap;\" ><div class=\"fusion-builder-row fusion-row fusion-flex-align-items-flex-start fusion-flex-justify-content-center fusion-flex-content-wrap\" style=\"max-width:1248px;margin-left: calc(-4% \/ 2 );margin-right: calc(-4% \/ 2 );\"><div class=\"fusion-layout-column fusion_builder_column fusion-builder-column-0 fusion_builder_column_3_5 3_5 fusion-flex-column\" style=\"--awb-bg-blend:overlay;--awb-bg-size:cover;--awb-width-large:60%;--awb-margin-top-large:0px;--awb-spacing-right-large:3.2%;--awb-margin-bottom-large:0px;--awb-spacing-left-large:3.2%;--awb-width-medium:60%;--awb-spacing-right-medium:3.2%;--awb-spacing-left-medium:3.2%;--awb-width-small:100%;--awb-spacing-right-small:1.92%;--awb-spacing-left-small:1.92%;\"><div class=\"fusion-column-wrapper fusion-flex-justify-content-center fusion-content-layout-row\"><div class=\"fusion-text fusion-text-1\"><h3 style=\"text-align: center;\">Maria + Alessandro &#8211; 3 giugno 2016<\/h3>\n<p style=\"font-weight: 400; text-align: center;\">Nel momento in cui ho dovuto scegliere a chi rivolgermi per il mio abito da sposa, il mio pensiero \u00e8 andato subito a Mattia, non solo perch\u00e9 \u00e8 un caro amico, ma anche perch\u00e9 in questi anni ha dimostrato \u00a0il suo talento, il suo amore per questa professione e tutta la sua bravura.\u00a0Professionalit\u00e0, accoglienza, umanit\u00e0, pazienza sono alcune delle sue qualit\u00e0, infatti in ogni appuntamento riusciva a farmi sentire a casa accogliendomi sempre con un sorriso e proponendomi \u00a0tante \u00a0idee nel momento in cui avevo qualche paranoia, dubbio o incertezza. \u00a0Mi ha sempre dato preziosi consigli, ha saputo aspettare e darmi del tempo se dovevo decidere qualcosa, mi ha rassicurata e si \u00e8 sempre dimostrato gentile e disponibile.<\/p>\n<p style=\"text-align: center;\"><img decoding=\"async\" class=\"lazyload alignnone size-full wp-image-456\" src=\"https:\/\/mateliertraforetti.com\/wp-content\/uploads\/2016\/06\/MA-0602.jpg\" data-orig-src=\"https:\/\/mateliertraforetti.com\/wp-content\/uploads\/2016\/06\/MA-0602.jpg\" alt=\"\" width=\"566\" height=\"850\" srcset=\"data:image\/svg+xml,%3Csvg%20xmlns%3D%27http%3A%2F%2Fwww.w3.org%2F2000%2Fsvg%27%20width%3D%27566%27%20height%3D%27850%27%20viewBox%3D%270%200%20566%20850%27%3E%3Crect%20width%3D%27566%27%20height%3D%27850%27%20fill-opacity%3D%220%22%2F%3E%3C%2Fsvg%3E\" data-srcset=\"https:\/\/mateliertraforetti.com\/wp-content\/uploads\/2016\/06\/MA-0602-200x300.jpg 200w, https:\/\/mateliertraforetti.com\/wp-content\/uploads\/2016\/06\/MA-0602-400x601.jpg 400w, https:\/\/mateliertraforetti.com\/wp-content\/uploads\/2016\/06\/MA-0602.jpg 566w\" data-sizes=\"auto\" data-orig-sizes=\"(max-width: 566px) 100vw, 566px\" \/><\/p>\n<p style=\"font-weight: 400; text-align: center;\">Ricordo \u00a0con gioia ed emozione il momento in cui davanti allo specchio mi sono vista vestita da sposa per la prima volta\u2026 devo dire che le lacrime sono scese da sole e il vestito era ancora pi\u00f9 bello di quello che avrei immaginato. E\u2019 un abito meraviglioso, bianco, elegante, semplice ma anche molto leggero che mi rispecchia totalmente.\u00a0Mattia ha mi ha aiutata a scegliere le stoffe, i dettagli, le rose, il pizzo, i brillantini, ma non solo, mi ha insegnato anche come muovermi, come camminare, come girarmi\u2026 insomma non si \u00e8 solamente preso\u00a0 cura del mio abito da sposa, ma mi ha messa al centro dell\u2019attenzione trattandomi come una principessa.<\/p>\n<p style=\"text-align: center;\"><img decoding=\"async\" class=\"lazyload alignnone size-full wp-image-457\" src=\"https:\/\/mateliertraforetti.com\/wp-content\/uploads\/2016\/06\/MA-0661.jpg\" data-orig-src=\"https:\/\/mateliertraforetti.com\/wp-content\/uploads\/2016\/06\/MA-0661.jpg\" alt=\"\" width=\"566\" height=\"850\" srcset=\"data:image\/svg+xml,%3Csvg%20xmlns%3D%27http%3A%2F%2Fwww.w3.org%2F2000%2Fsvg%27%20width%3D%27566%27%20height%3D%27850%27%20viewBox%3D%270%200%20566%20850%27%3E%3Crect%20width%3D%27566%27%20height%3D%27850%27%20fill-opacity%3D%220%22%2F%3E%3C%2Fsvg%3E\" data-srcset=\"https:\/\/mateliertraforetti.com\/wp-content\/uploads\/2016\/06\/MA-0661-200x300.jpg 200w, https:\/\/mateliertraforetti.com\/wp-content\/uploads\/2016\/06\/MA-0661-400x601.jpg 400w, https:\/\/mateliertraforetti.com\/wp-content\/uploads\/2016\/06\/MA-0661.jpg 566w\" data-sizes=\"auto\" data-orig-sizes=\"(max-width: 566px) 100vw, 566px\" \/><\/p>\n<p style=\"font-weight: 400; text-align: center;\">Rivolgersi ad un sarto vuol dire porre nelle sue mani la propria fiducia, non \u00e8 come andare in un atelier in cui si provano alcuni vestiti e poi se ne sceglie uno gi\u00e0 pronto ed ultimato, ma significa che tutto viene fatto su misura, secondo le proprie preferenze e piano piano l\u2019abito prende forma senza che la sposa sappia\u00a0 esattamente il risultato finale. Sono molto contenta della mia scelta, perch\u00e9 \u00a0ho potuto stupirmi a lavoro ultimato, il vestito era mio, era stato disegnato e cucito solo per me, rispecchiava la mia personalit\u00e0, i miei gusti e i miei pensieri.<\/p>\n<p style=\"text-align: center;\"><img decoding=\"async\" class=\"lazyload alignnone size-full wp-image-458\" src=\"https:\/\/mateliertraforetti.com\/wp-content\/uploads\/2016\/06\/MA-0975.jpg\" data-orig-src=\"https:\/\/mateliertraforetti.com\/wp-content\/uploads\/2016\/06\/MA-0975.jpg\" alt=\"\" width=\"567\" height=\"850\" srcset=\"data:image\/svg+xml,%3Csvg%20xmlns%3D%27http%3A%2F%2Fwww.w3.org%2F2000%2Fsvg%27%20width%3D%27567%27%20height%3D%27850%27%20viewBox%3D%270%200%20567%20850%27%3E%3Crect%20width%3D%27567%27%20height%3D%27850%27%20fill-opacity%3D%220%22%2F%3E%3C%2Fsvg%3E\" data-srcset=\"https:\/\/mateliertraforetti.com\/wp-content\/uploads\/2016\/06\/MA-0975-200x300.jpg 200w, https:\/\/mateliertraforetti.com\/wp-content\/uploads\/2016\/06\/MA-0975-400x600.jpg 400w, https:\/\/mateliertraforetti.com\/wp-content\/uploads\/2016\/06\/MA-0975.jpg 567w\" data-sizes=\"auto\" data-orig-sizes=\"(max-width: 567px) 100vw, 567px\" \/><\/p>\n<p style=\"font-weight: 400; text-align: center;\">Sono stata super contenta di aver posto la mia fiducia nelle mani di Mattia\u2026il giorno del mio matrimonio\u00a0 \u00e8 stato speciale grazie anche a lui che ha creato questo bellissimo capolavoro. Ricordo il sorriso di mio marito quando mi ha vista in lontananza mentre raggiungevo a piedi la chiesa. I bambini mi sorreggevano lo strascico e io mi sentivo una vera sposa, bella, leggera, gioiosa e solare.<\/p>\n<p style=\"font-weight: 400; text-align: center;\">\u00a0<img decoding=\"async\" class=\"lazyload alignnone size-full wp-image-459\" src=\"https:\/\/mateliertraforetti.com\/wp-content\/uploads\/2016\/06\/MA-0472.jpg\" data-orig-src=\"https:\/\/mateliertraforetti.com\/wp-content\/uploads\/2016\/06\/MA-0472.jpg\" alt=\"\" width=\"566\" height=\"850\" srcset=\"data:image\/svg+xml,%3Csvg%20xmlns%3D%27http%3A%2F%2Fwww.w3.org%2F2000%2Fsvg%27%20width%3D%27566%27%20height%3D%27850%27%20viewBox%3D%270%200%20566%20850%27%3E%3Crect%20width%3D%27566%27%20height%3D%27850%27%20fill-opacity%3D%220%22%2F%3E%3C%2Fsvg%3E\" data-srcset=\"https:\/\/mateliertraforetti.com\/wp-content\/uploads\/2016\/06\/MA-0472-200x300.jpg 200w, https:\/\/mateliertraforetti.com\/wp-content\/uploads\/2016\/06\/MA-0472-400x601.jpg 400w, https:\/\/mateliertraforetti.com\/wp-content\/uploads\/2016\/06\/MA-0472.jpg 566w\" data-sizes=\"auto\" data-orig-sizes=\"(max-width: 566px) 100vw, 566px\" \/><\/p>\n<p style=\"font-weight: 400; text-align: center;\">Mi viene in mente una bellissima frase di S. Francesco che penso racchiuda tutto ci\u00f2 che ho scritto riguardo alla professione di Mattia<strong>: \u00a0\u201c<\/strong><strong>Chi lavora con le sue mani \u00e8 un lavoratore. Chi lavora con le sue mani e la sua testa \u00e8 un artigiano. Chi lavora con le sue mani e la sua testa ed il suo cuore \u00e8 un artista.<\/strong><strong>\u201d\u00a0<\/strong>Mattia rende unico ogni suo capo proprio per questo, perch\u00e9 oltre alla sua eccellente bravura lavora con le mani, con la testa, ma soprattutto con il cuore. Si meritava proprio tutta la mia fiducia, \u00a0e spero che anche tante altre spose seguano il mio esempio!\u00a0<span style=\"font-weight: 400;\">GRAZIE DI CUORE MATTIA!!! <\/span><\/p>\n<\/div><\/div><\/div><\/div><\/div>\n","protected":false},"excerpt":{"rendered":"","protected":false},"author":1,"featured_media":461,"comment_status":"closed","ping_status":"closed","sticky":false,"template":"","format":"standard","meta":{"footnotes":""},"categories":[19,20],"tags":[],"class_list":["post-454","post","type-post","status-publish","format-standard","has-post-thumbnail","hentry","category-19","category-le-mie-spose"],"_links":{"self":[{"href":"https:\/\/mateliertraforetti.com\/index.php\/wp-json\/wp\/v2\/posts\/454","targetHints":{"allow":["GET"]}}],"collection":[{"href":"https:\/\/mateliertraforetti.com\/index.php\/wp-json\/wp\/v2\/posts"}],"about":[{"href":"https:\/\/mateliertraforetti.com\/index.php\/wp-json\/wp\/v2\/types\/post"}],"author":[{"embeddable":true,"href":"https:\/\/mateliertraforetti.com\/index.php\/wp-json\/wp\/v2\/users\/1"}],"replies":[{"embeddable":true,"href":"https:\/\/mateliertraforetti.com\/index.php\/wp-json\/wp\/v2\/comments?post=454"}],"version-history":[{"count":3,"href":"https:\/\/mateliertraforetti.com\/index.php\/wp-json\/wp\/v2\/posts\/454\/revisions"}],"predecessor-version":[{"id":462,"href":"https:\/\/mateliertraforetti.com\/index.php\/wp-json\/wp\/v2\/posts\/454\/revisions\/462"}],"wp:featuredmedia":[{"embeddable":true,"href":"https:\/\/mateliertraforetti.com\/index.php\/wp-json\/wp\/v2\/media\/461"}],"wp:attachment":[{"href":"https:\/\/mateliertraforetti.com\/index.php\/wp-json\/wp\/v2\/media?parent=454"}],"wp:term":[{"taxonomy":"category","embeddable":true,"href":"https:\/\/mateliertraforetti.com\/index.php\/wp-json\/wp\/v2\/categories?post=454"},{"taxonomy":"post_tag","embeddable":true,"href":"https:\/\/mateliertraforetti.com\/index.php\/wp-json\/wp\/v2\/tags?post=454"}],"curies":[{"name":"wp","href":"https:\/\/api.w.org\/{rel}","templated":true}]}}